{"id":139,"date":"2017-01-08T11:06:04","date_gmt":"2017-01-08T10:06:04","guid":{"rendered":"http:\/\/taranco.eu\/hoy-por-hoy\/?p=139"},"modified":"2025-10-20T15:25:53","modified_gmt":"2025-10-20T14:25:53","slug":"la-relatividad-del-tiempo","status":"publish","type":"post","link":"https:\/\/taranco.eu\/hoy-por-hoy\/blog\/la-relatividad-del-tiempo\/","title":{"rendered":"La relatividad del tiempo"},"content":{"rendered":"<p>Leo un anuncio en la prensa de una marca de relojes que dice:<\/p>\n<p><em>\u00abEl reloj recibe, via ondas de radio, la se\u00f1al generada por un reloj at\u00f3mico. La precisi\u00f3n es absoluta, con una tolerancia de 1 s. cada 10 millones de a\u00f1os.\u00bb<\/em><\/p>\n<p>La primera pregunta que me surge es qui\u00e9n puede necesitar llevar esa precisi\u00f3n total en una de sus mu\u00f1ecas. La segunda, y m\u00e1s interesante, es saber si el tiempo o la hora es tan absoluta como puede parecer. Se me ocurre un ejemplo sencillo: dos personas van a tomar el tren, una llega a la estaci\u00f3n un minuto antes de la partida, y la otra un minuto despu\u00e9s de que el tren ha partido. Son dos minutos de diferencia seg\u00fan el reloj. Pero la consecuencia es que quien ha llegado un minuto despu\u00e9s tendr\u00e1 que esperar al pr\u00f3ximo tren, y si este viene una hora m\u00e1s tarde, ese minuto en realidad vale por 59 minutos de diferencia con el que hab\u00eda cogido el tren a tiempo.<\/p>\n<p>Algo parecido pasa con el horario de verano y el de invierno. Para demostrar que es un sinsentido, nada mejor que seguir el horario solar que la televisi\u00f3n p\u00fablica sueca publica con el tiempo una vez por semana. Se ilustra al sol despert\u00e1ndose por la ma\u00f1ana y acost\u00e1ndose por la noche, con tres horarios diferentes el mismo d\u00eda, uno para el norte de Suecia, otro para el centro y otro para el sur. La diferencia entre los tres puntos y dependiendo de qu\u00e9 mes puede ser de varias horas. Entonces, \u00bfqu\u00e9 sentido tiene cambiar el horario? En Espa\u00f1a deber\u00edan las redacciones televisivas de El Tiempo hacer algo parecido. Ver\u00edamos que entre Barcelona y La Coru\u00f1a hay una diferencia de 42 minutos por la ma\u00f1ana este pr\u00f3ximo s\u00e1bado 25 de marzo de 2017 (43 minutos por la tarde), tambi\u00e9n entre San Sebasti\u00e1n y Tarifa hay diferencia, aunque quiz\u00e1s no tanta, 17 minutos por la ma\u00f1ana (12 minutos por la tarde).\u00a0 Se puede comprobar en \u00abeltiempo.es\u00bb. Cuando la cabalgata de Barcelona el d\u00eda 5 de enero se estaba retransmitiendo en directo por la TV ya era oscuro, mientras que en Calpe segu\u00eda luciendo el sol. Y ambas ciudades est\u00e1n en la costa oriental.<\/p>\n<p>El efecto de adelanto o retraso de una hora en verano y en invierno tiene adem\u00e1s un efecto en un sentido o en otro solo la mitad del tiempo que sigue al cambio, ya que luego el d\u00eda vuelve a ser m\u00e1s largo o m\u00e1s corto.\u00a0 Veamos, desde fines de diciembre hasta fines de junio el d\u00eda o el per\u00edodo de luz va siendo m\u00e1s largo, pero a partir de fines de junio hasta fines de diciembre el per\u00edodo de luz va disminuyendo cada d\u00eda, independientemente de que sea horario de verano o de invierno. Cuando cambiamos el horario de invierno a verano o viceversa, el efecto es m\u00e1s que temporal. A la vez obliga a todo el mundo a cambiar sus relojes dos veces por a\u00f1o, en aras de un valor a\u00f1adido que realmente est\u00e1 por demostrar. Cada vez que cambiamos al horario de verano se menciona lo que nos ahorramos, pero todos los a\u00f1os es la misma cifra de ahorro. Los propagandistas del cambio de horario ya ni se preocupan por hacer nuevos estudios.<\/p>\n<p>Por nuestra posici\u00f3n geogr\u00e1fica, nuestro horario deber\u00eda ser el de Greenwich, UTC+00, esto es, el mismo que en Portugal e Inglaterra, y no el de Alemania, como es ahora. Podemos ser cr\u00edticos\u00a0 a las decisiones tomadas a nivel europeo, y lo debemos de ser, precisamente para salvaguardar lo m\u00e1s importante, y suprimir lo superficial, que muchas veces crea problemas innecesarios. Para algo tenemos m\u00e1s de 700 diputados en el Parlamento Europeo. Algo tendr\u00e1n que hacer, pero que lo hagan bien.<\/p>\n<p>Miguel Benito<\/p>\n","protected":false},"excerpt":{"rendered":"<p>Leo un anuncio en la prensa de una marca de relojes que dice: \u00abEl reloj recibe, via ondas de radio, la se\u00f1al generada por un reloj at\u00f3mico. La precisi\u00f3n es absoluta, con una tolerancia de 1 s. cada 10 millones de a\u00f1os.\u00bb La primera pregunta que me surge es qui\u00e9n puede necesitar llevar esa precisi\u00f3n [&hellip;]<\/p>\n","protected":false},"author":1,"featured_media":0,"comment_status":"closed","ping_status":"open","sticky":false,"template":"","format":"standard","meta":[],"categories":[2],"tags":[13],"_links":{"self":[{"href":"https:\/\/taranco.eu\/hoy-por-hoy\/wp-json\/wp\/v2\/posts\/139"}],"collection":[{"href":"https:\/\/taranco.eu\/hoy-por-hoy\/wp-json\/wp\/v2\/posts"}],"about":[{"href":"https:\/\/taranco.eu\/hoy-por-hoy\/wp-json\/wp\/v2\/types\/post"}],"author":[{"embeddable":true,"href":"https:\/\/taranco.eu\/hoy-por-hoy\/wp-json\/wp\/v2\/users\/1"}],"replies":[{"embeddable":true,"href":"https:\/\/taranco.eu\/hoy-por-hoy\/wp-json\/wp\/v2\/comments?post=139"}],"version-history":[{"count":9,"href":"https:\/\/taranco.eu\/hoy-por-hoy\/wp-json\/wp\/v2\/posts\/139\/revisions"}],"predecessor-version":[{"id":379,"href":"https:\/\/taranco.eu\/hoy-por-hoy\/wp-json\/wp\/v2\/posts\/139\/revisions\/379"}],"wp:attachment":[{"href":"https:\/\/taranco.eu\/hoy-por-hoy\/wp-json\/wp\/v2\/media?parent=139"}],"wp:term":[{"taxonomy":"category","embeddable":true,"href":"https:\/\/taranco.eu\/hoy-por-hoy\/wp-json\/wp\/v2\/categories?post=139"},{"taxonomy":"post_tag","embeddable":true,"href":"https:\/\/taranco.eu\/hoy-por-hoy\/wp-json\/wp\/v2\/tags?post=139"}],"curies":[{"name":"wp","href":"https:\/\/api.w.org\/{rel}","templated":true}]}}