{"id":310,"date":"2023-08-20T19:47:14","date_gmt":"2023-08-20T18:47:14","guid":{"rendered":"http:\/\/taranco.eu\/hoy-por-hoy\/?p=310"},"modified":"2024-01-28T11:04:53","modified_gmt":"2024-01-28T10:04:53","slug":"algunas-reflexiones-sobre-el-tiempo-politico-que-vivimos","status":"publish","type":"post","link":"http:\/\/taranco.eu\/hoy-por-hoy\/blog\/algunas-reflexiones-sobre-el-tiempo-politico-que-vivimos\/","title":{"rendered":"<strong>Algunas reflexiones sobre el tiempo pol\u00edtico que vivimos<\/strong>"},"content":{"rendered":"\n<p>Al volver a Espa\u00f1a despu\u00e9s de pasar mi vida adulta en otro pa\u00eds creo tener una visi\u00f3n algo diferente de la pol\u00edtica tal como se est\u00e1 desarrollando. Mi experiencia en Suecia era que all\u00ed se daba gran valor al di\u00e1logo social. Los partidos pol\u00edticos no lo eran todo. Las organizaciones no gubernamentales ten\u00edan un papel relevante en la elaboraci\u00f3n de leyes. Yo he participado como representante de una organizaci\u00f3n de inmigrantes en la mayor\u00eda de las leyes sobre migraci\u00f3n desde 1974 hasta la primera d\u00e9cada de los a\u00f1os 2000. Cuando se creaba una comisi\u00f3n en el parlamento las organizaciones no gubernamentales eran llamadas a participar en parte de los trabajos de las comisiones y hacer propuestas que mejoraran las leyes. Una vez la comisi\u00f3n ten\u00eda una propuesta concreta a\u00fan hab\u00eda otra oportunidad para la sociedad civil a presentar sus puntos de vista, que se integraban en la proposici\u00f3n de ley del gobierno que luego iba al parlamento. Las leyes no son para ser derogadas por el siguiente partido de turno, por eso hay una voluntad de lograr el mayor consenso dentro de la discrepancia.<\/p>\n\n\n\n<p><em>Otra interpretaci\u00e4on de la ley d \u00b4 Hondt es posible <\/em><\/p>\n\n\n\n<p>El parlamento sueco ten\u00eda como Espa\u00f1a 350 diputados. En los a\u00f1os 70 los bloques estaban tan igualados que a veces empataban en las votaciones. La soluci\u00f3n fue tirar una moneda al aire, como hacen en algunos ayuntamientos espa\u00f1oles para elegir alcalde si hay empate. Esto se subsan\u00f3 posteriormente disminuyendo el parlamento con un diputado. As\u00ed no habr\u00eda empate. Ser\u00edan como m\u00e1ximo 175-174. En Espa\u00f1a en estos momentos quiz\u00e1s esto no sea tan relevante al haber una variaci\u00f3n grande de partidos que podr\u00edan desatascar la situaci\u00f3n. Pero hay otros aspectos interesantes que valen la pena discutir. Por ejemplo la distribuci\u00f3n de esca\u00f1os. Sin renunciar a la ley d\u00b4Hondt se podr\u00eda por ejemplo asignar 310 esca\u00f1os de acuerdo a esta ley y reservar 40 en lo que en Suecia se llama \u201cmandato de igualaci\u00f3n\u201d. Esto es, los votos de una circunscripci\u00f3n que se perder\u00edan al no obtener esca\u00f1o se pod\u00edan a\u00f1adir a los de otras circunscripciones dentro de la misma regi\u00f3n y as\u00ed al menos uno o dos esca\u00f1os ser\u00edan m\u00e1s justos. Al menos esto igualar\u00eda un poco m\u00e1s el valor de los esca\u00f1os. En Espa\u00f1a no ser\u00eda posible en las regiones de una sola provincia como Asturias, Cantabria, la Rioja o Murcia pero podr\u00eda aplicarse en las dem\u00e1s regiones.<\/p>\n\n\n\n<p><em>Un m\u00ednimo de diputados por partido<\/em><\/p>\n\n\n\n<p>Luego est\u00e1 el concepto de que no tiene mucho sentido que un partido est\u00e9 representado en el Congreso por una sola persona. En Suecia se requiere un m\u00ednimo del 4% de los votos en todo el pa\u00eds. Con ello se quiere lograr que todos los partidos tengan la capacidad de representaci\u00f3n en las comisiones del parlamento. Se puede acceder al parlamento si en una circunscripci\u00f3n llegan al 12% de los votos. En el ejemplo de Canarias el partido de Coalici\u00f3n Canaria se quedar\u00eda fuera del Congreso al no tener representaci\u00f3n en el resto del pa\u00eds y no llegar al 12% de los votos. No olvidemos que Canarias est\u00e1 ya bien representada con otros 14 diputados de otros partidos. A veces da la impresi\u00f3n en los debates que el \u00fanico diputado o diputada que defiente su comunidad es la diputada de Coalici\u00f3n Canaria. De la misma manera en Catalu\u00f1a se hubiera quedado fuera del Congreso el partido Junts, sin olvidar que los intereses de los catalanes en el Congreso siguen siendo defendidos por otros 41 diputados, frente a los 7 de Junts. Por lo dem\u00e1s hay una tradici\u00f3n arraigada en la comunidad sueca de que una vez que uno obtiene el nombramiento de diputado esta persona se debe a todo el pa\u00eds con la obligaci\u00f3n de defender los intereses generales de todo el pa\u00eds, no solo de su partido y de su circunscripci\u00f3n, que tambi\u00e9n. Esto en Espa\u00f1a es dif\u00edcil de entender. Miles de veces se oye a algunos diputados espa\u00f1oles, sobre todo a los nacionalistas, que el bien de Espa\u00f1a les importa un bledo. Esto ser\u00eda imposible decir en Suecia. Porque \u00bfqu\u00e9 sentido tiene que est\u00e9n en el Congreso si solo trabajan por su causa personal?<\/p>\n\n\n\n<p><em>Sesi\u00f3n de preguntas en el congreso obsoleta<\/em><\/p>\n\n\n\n<p>Hay otros aspectos de la pol\u00edtica espa\u00f1ola en el Congreso que merecer\u00edan ser analizados y discutidos por toda la sociedad. La tanda de preguntas a los ministros los mi\u00e9rcoles no deja de ser una aberraci\u00f3n. Aparte del tiempo fijado en tres minutos, que no da para mucho, las preguntas suelen carecer del intento de esclarecer alg\u00fan asunto del pa\u00eds, o de hacer una propuesta concreta de mejora. En la mayor\u00eda de los casos se salen por la tangente y repiten semana tras semana lo que ya se han dicho. Para eso podr\u00edan utilizar la cafeter\u00eda del Congreso sin hacer perder el tiempo al resto de diputados, tiempo que podr\u00edan usar para buscar soluciones a problemas reales.<\/p>\n\n\n\n<p>Los presupuestos se presentan en Suecia en septiembre independientemente de si ha habido elecciones ese a\u00f1o o no. El nuevo gobierno en su caso no hace ninguna modificaci\u00f3n, ya hay tiempo para ello durante el trabajo en el parlamento. Durante la primavera se van aprobando las distintas partidas, a\u00f1adiendo las modificaciones que los diputados van proponiendo, que dicho sea de paso solo tienen tres semanas para presentar sus mociones. \u00daltimamente han a\u00f1adido un presupuesto en primavera para corregir aspectos que no se hab\u00edan visto antes, as\u00ed que hay cierta garant\u00eda de modificaci\u00f3n a mitad de camino.<\/p>\n\n\n\n<p>No todo es id\u00edlico en Suecia. La pol\u00edtica del pa\u00eds se ha ido deteriorando en los \u00faltimos tiempos para aproximarse algo m\u00e1s a los pa\u00edses europeos del sur. Pero siempre valdr\u00e1 la pena hacer estudios comparativos e intentar implementar aquello que es mejorable, aqu\u00ed como all\u00ed.<\/p>\n\n\n\n<p><strong>Miguel Benito<\/strong><\/p>\n\n\n\n<p>miguel.benito@taranco.eu<\/p>\n","protected":false},"excerpt":{"rendered":"<p>Al volver a Espa\u00f1a despu\u00e9s de pasar mi vida adulta en otro pa\u00eds creo tener una visi\u00f3n algo diferente de la pol\u00edtica tal como se est\u00e1 desarrollando. Mi experiencia en Suecia era que all\u00ed se daba gran valor al di\u00e1logo social. Los partidos pol\u00edticos no lo eran todo. Las organizaciones no gubernamentales ten\u00edan un papel [&hellip;]<\/p>\n","protected":false},"author":1,"featured_media":0,"comment_status":"closed","ping_status":"open","sticky":false,"template":"","format":"standard","meta":[],"categories":[3],"tags":[],"_links":{"self":[{"href":"http:\/\/taranco.eu\/hoy-por-hoy\/wp-json\/wp\/v2\/posts\/310"}],"collection":[{"href":"http:\/\/taranco.eu\/hoy-por-hoy\/wp-json\/wp\/v2\/posts"}],"about":[{"href":"http:\/\/taranco.eu\/hoy-por-hoy\/wp-json\/wp\/v2\/types\/post"}],"author":[{"embeddable":true,"href":"http:\/\/taranco.eu\/hoy-por-hoy\/wp-json\/wp\/v2\/users\/1"}],"replies":[{"embeddable":true,"href":"http:\/\/taranco.eu\/hoy-por-hoy\/wp-json\/wp\/v2\/comments?post=310"}],"version-history":[{"count":2,"href":"http:\/\/taranco.eu\/hoy-por-hoy\/wp-json\/wp\/v2\/posts\/310\/revisions"}],"predecessor-version":[{"id":334,"href":"http:\/\/taranco.eu\/hoy-por-hoy\/wp-json\/wp\/v2\/posts\/310\/revisions\/334"}],"wp:attachment":[{"href":"http:\/\/taranco.eu\/hoy-por-hoy\/wp-json\/wp\/v2\/media?parent=310"}],"wp:term":[{"taxonomy":"category","embeddable":true,"href":"http:\/\/taranco.eu\/hoy-por-hoy\/wp-json\/wp\/v2\/categories?post=310"},{"taxonomy":"post_tag","embeddable":true,"href":"http:\/\/taranco.eu\/hoy-por-hoy\/wp-json\/wp\/v2\/tags?post=310"}],"curies":[{"name":"wp","href":"https:\/\/api.w.org\/{rel}","templated":true}]}}