{"id":307,"date":"2023-04-27T18:13:52","date_gmt":"2023-04-27T17:13:52","guid":{"rendered":"http:\/\/taranco.eu\/hoy-por-hoy\/?p=307"},"modified":"2024-01-28T11:09:25","modified_gmt":"2024-01-28T10:09:25","slug":"dos-asuntos-de-actualidad","status":"publish","type":"post","link":"http:\/\/taranco.eu\/hoy-por-hoy\/blog\/dos-asuntos-de-actualidad\/","title":{"rendered":"Dos asuntos de actualidad"},"content":{"rendered":"\n<p><\/p>\n\n\n\n<p><strong><em>La n\u00f3mina disponible antes de tiempo<\/em><\/strong><\/p>\n\n\n\n<p>Leo en el suplemento Negocios de El Pa\u00eds del 23 de abril un art\u00edculo titulado \u201cLa n\u00f3mina disponible antes de tiempo\u201d. En s\u00ed una buena idea, pero que no deber\u00eda hacer falta. Porque en realidad no es \u201cantes de tiempo\u201d, ya que ser\u00eda el pago por un tiempo ya trabajado. Nada impide que las empresas puedan tener una forma de pago de por ejemplo dos veces al mes para todos los empleados, y no solo para quienes lo pidan por necesidad perentoria.<br>Otra cosa, que todav\u00eda estar sin solucionar es que el empleador, por ley, hace una retenci\u00f3n de parte del salario para luego entregarlo en lo que eufem\u00edsticamente se llama \u201cpaga extra\u201d cuando no es m\u00e1s que una paga en diferido. Lo que me explican, cuando cuestiono la forma, es que los trabajadores no son capaces de ahorrar por cuenta propia y necesitan la ayuda del estado o la empresa para hacerlo. Pero \u00bfno ser\u00edan mejor 12 pagas en vez de 14 y tener disponible a fin de mes una cantidad superior? Todos hablan de no llegar a fin de mes, pero aceptan que les retengan un 18-20% del salario.<\/p>\n\n\n\n<p>La paga extra tuvo sentido la primera vez en diciembre de 1944 cuando el ministro Jos\u00e9 Antonio Gir\u00f3n la promulg\u00f3 como \u201cextra\u201d por la Natividad del Se\u00f1or, y la de julio a partir de 1947, por la celebraci\u00f3n del alzamiento militar de Franco. A partir de ah\u00ed los siguientes a\u00f1os dej\u00f3 de ser extra, ya que era parte del salario ganado.<br>Sigo sin entender que se quiera conservar una mala pr\u00e1ctica del franquismo en la creencia de que s\u00ed es una paga extra ca\u00edda del cielo, que nadie quiere perderse. Reduciendo las pagas a 12 no se cobra menos, se cobra lo mismo en total, pero antes, sin esperar cinco o seis meses. Justo lo que los emprendedores mencionados en El Pa\u00eds quieren hacer de otra forma, que adem\u00e1s crea una innecesaria dependencia del sistema.<\/p>\n\n\n\n<p>Si hace falta cambiar la ley, para eso est\u00e1 el Congreso y el Senado. Si no quieren cambiarla al menos deber\u00edan cambiar la nominaci\u00f3n y llamarlas \u00abpagas en diferido\u00bb.<\/p>\n\n\n\n<p><strong><em>Corte y pega de los c\u00f3digos de barras en las farmacias<\/em><\/strong><\/p>\n\n\n\n<p>He le\u00eddo que los pacientes de la privada ya no necesitan ellos mismos ir con la receta a las farmacias para recoger sus medicinas, sino que las recetas se env\u00edan directamente digital a las farmacias, como ha sido el caso en la sanidad p\u00fablica. Una buena noticia, que ahorra papel entre otras cosas.<\/p>\n\n\n\n<p>Hace tiempo que estoy pensando en por qu\u00e9 en las farmacias cortan los c\u00f3digos de barras de los envases de los medicamentos, y luego aplican este c\u00f3digo con la ayuda de celof\u00e1n en una hoja de papel, en muchos casos para un solo medicamento, en otros para dos o tres medicamentos, esto es, un papel por persona.<br>Luego se env\u00edan estas hojas a un centro donde se procesa la informaci\u00f3n, que luego va a la consejer\u00eda de sanidad para hacer los pagos respectivos a cada farmacia.<\/p>\n\n\n\n<p>Me parece un sistema muy primitivo, quiz\u00e1s v\u00e1lido a mitad del siglo XX cuando no hab\u00eda cajeros digitalizados. Hoy en d\u00eda toda la informaci\u00f3n est\u00e1 registrada a trav\u00e9s del cajero. \u00bfQuiz\u00e1s es para que un medicamento no se pueda devolver y recabar el precio total, que no se ha pagado si uno tiene derecho a una reducci\u00f3n o incluso es gratis? Pero para evitar eso deber\u00eda haber otra forma de actuar, por ejemplo maculando el c\u00f3digo de barras con un sello o una cruz, sin necesidad de hacer lo que se hace hoy, usar un cortador de papel, con riesgo a cortarse en la mano si uno se descuida, y sin necesidad de usar una cantidad ingente de papel que luego no sirve para nada. El ahorro ser\u00eda considerable, no solo en papel, sino tambi\u00e9n en tiempo por parte de los farmac\u00e9uticos, que lo pod\u00edan usar para otros servicios a los pacientes.<\/p>\n\n\n\n<p>No me imagino que los farmac\u00e9uticos hayan estudiado una carrera para usar parte de su tiempo fijando el c\u00f3digo de barras en una hoja de papel.<br>Hace tiempo que pregunt\u00e9 a una consejer\u00eda de sanidad regional el motivo de este sistema, sin recibir respuesta. Los farmac\u00e9uticos tampoco saben el porqu\u00e9, salvo que es hoy en d\u00eda la \u00fanica forma para ellos de cobrar las subvenciones que las autonom\u00edas dan por los medicamentos que los pacientes compramos.<\/p>\n\n\n\n<p>Miguel Benito, miguel.benito@taranco.eu<\/p>\n","protected":false},"excerpt":{"rendered":"<p>La n\u00f3mina disponible antes de tiempo Leo en el suplemento Negocios de El Pa\u00eds del 23 de abril un art\u00edculo titulado \u201cLa n\u00f3mina disponible antes de tiempo\u201d. En s\u00ed una buena idea, pero que no deber\u00eda hacer falta. Porque en realidad no es \u201cantes de tiempo\u201d, ya que ser\u00eda el pago por un tiempo ya [&hellip;]<\/p>\n","protected":false},"author":1,"featured_media":0,"comment_status":"closed","ping_status":"open","sticky":false,"template":"","format":"standard","meta":[],"categories":[4,2],"tags":[],"_links":{"self":[{"href":"http:\/\/taranco.eu\/hoy-por-hoy\/wp-json\/wp\/v2\/posts\/307"}],"collection":[{"href":"http:\/\/taranco.eu\/hoy-por-hoy\/wp-json\/wp\/v2\/posts"}],"about":[{"href":"http:\/\/taranco.eu\/hoy-por-hoy\/wp-json\/wp\/v2\/types\/post"}],"author":[{"embeddable":true,"href":"http:\/\/taranco.eu\/hoy-por-hoy\/wp-json\/wp\/v2\/users\/1"}],"replies":[{"embeddable":true,"href":"http:\/\/taranco.eu\/hoy-por-hoy\/wp-json\/wp\/v2\/comments?post=307"}],"version-history":[{"count":2,"href":"http:\/\/taranco.eu\/hoy-por-hoy\/wp-json\/wp\/v2\/posts\/307\/revisions"}],"predecessor-version":[{"id":335,"href":"http:\/\/taranco.eu\/hoy-por-hoy\/wp-json\/wp\/v2\/posts\/307\/revisions\/335"}],"wp:attachment":[{"href":"http:\/\/taranco.eu\/hoy-por-hoy\/wp-json\/wp\/v2\/media?parent=307"}],"wp:term":[{"taxonomy":"category","embeddable":true,"href":"http:\/\/taranco.eu\/hoy-por-hoy\/wp-json\/wp\/v2\/categories?post=307"},{"taxonomy":"post_tag","embeddable":true,"href":"http:\/\/taranco.eu\/hoy-por-hoy\/wp-json\/wp\/v2\/tags?post=307"}],"curies":[{"name":"wp","href":"https:\/\/api.w.org\/{rel}","templated":true}]}}