{"id":1,"date":"2014-05-23T19:21:30","date_gmt":"2014-05-23T19:21:30","guid":{"rendered":"http:\/\/taranco.eu\/hoy-por-hoy\/?p=1"},"modified":"2022-05-25T18:31:05","modified_gmt":"2022-05-25T17:31:05","slug":"hello-world","status":"publish","type":"post","link":"http:\/\/taranco.eu\/hoy-por-hoy\/blog\/hello-world\/","title":{"rendered":"Nacen menos y mueren m\u00e1s"},"content":{"rendered":"<p>La publicaci\u00f3n por el INE de las estadisticas de natalidad y mortalidad que apuntan a un n\u00famero inferior de nacimientos se interpreta por muchos como una situaci\u00f3n negativa, lo que no necesita ser as\u00ed. Algunos hablan adem\u00e1s de \u201denvejecimiento\u201d de la poblaci\u00f3n cuando este t\u00e9rmino nada tiene que ver con estas estad\u00edsticas, sino m\u00e1s bien con la calidad de vida. La longevidad, un t\u00e9rmino mejor que envejecimiento, tiene que ver con la mejora de la vida que ha ocurrido en los \u00faltimos decenios, no con la cantidad de nacidos. La esperanza de vida no es la relaci\u00f3n entre natalidad y mortalidad un cierto a\u00f1o, sino tiene que ver con la cantidad de a\u00f1os que los pertenecientes a una misma generaci\u00f3n viven en su totalidad.<\/p>\n<p>La poblaci\u00f3n en Espa\u00f1a se ha duplicado en los \u00faltimos sesenta a\u00f1os. En otros pa\u00edses se ha triplicado o incluso cuadruplicado. Si queremos un mundo mejor donde todos tengan una vida digna no podemos estar pensando en aumentar la cantidad de parados y la cantidad de mayores de 65 a\u00f1os que no pueden llamarse pensionistas porque no cobran ninguna pensi\u00f3n. Muchos se preguntan qui\u00e9nes cuidar\u00e1n a los mayores de edad en el futuro. La pregunta es, m\u00e1s bien, qui\u00e9nes los cuidan hoy. Si somos incapaces como sociedad de dar trabajo al 27% de la poblaci\u00f3n en edad activa y de ayudar con pensiones a un buen n\u00famero de mayores de edad, \u00bfporqu\u00e9 esa obsesi\u00f3n por el n\u00famero de nacidos?<\/p>\n<p>Los cambios bruscos no son buenos, pero es necesario que paulatinamente descienda el n\u00famero de habitantes del planeta si queremos sobrevivir como raza humana. En Bangladesh por ejemplo la poblaci\u00f3n se ha triplicado en solo 60 a\u00f1os, de 50 M en 1960 a 164 M en 2020. La ratio espa\u00f1ola de 1,32 ni\u00f1os por mujer es una buena proporci\u00f3n para rectificar un poco la mala gesti\u00f3n llevada en otros tiempos. Esto da esperanza de futuro para quienes vengan detr\u00e1s de nosotros.<\/p>\n<p>Miguel.Benito @ taranco.eu<\/p>\n","protected":false},"excerpt":{"rendered":"<p>La publicaci\u00f3n por el INE de las estadisticas de natalidad y mortalidad que apuntan a un n\u00famero inferior de nacimientos se interpreta por muchos como una situaci\u00f3n negativa, lo que no necesita ser as\u00ed. Algunos hablan adem\u00e1s de \u201denvejecimiento\u201d de la poblaci\u00f3n cuando este t\u00e9rmino nada tiene que ver con estas estad\u00edsticas, sino m\u00e1s bien [&hellip;]<\/p>\n","protected":false},"author":1,"featured_media":0,"comment_status":"open","ping_status":"open","sticky":false,"template":"","format":"standard","meta":[],"categories":[2],"tags":[],"_links":{"self":[{"href":"http:\/\/taranco.eu\/hoy-por-hoy\/wp-json\/wp\/v2\/posts\/1"}],"collection":[{"href":"http:\/\/taranco.eu\/hoy-por-hoy\/wp-json\/wp\/v2\/posts"}],"about":[{"href":"http:\/\/taranco.eu\/hoy-por-hoy\/wp-json\/wp\/v2\/types\/post"}],"author":[{"embeddable":true,"href":"http:\/\/taranco.eu\/hoy-por-hoy\/wp-json\/wp\/v2\/users\/1"}],"replies":[{"embeddable":true,"href":"http:\/\/taranco.eu\/hoy-por-hoy\/wp-json\/wp\/v2\/comments?post=1"}],"version-history":[{"count":4,"href":"http:\/\/taranco.eu\/hoy-por-hoy\/wp-json\/wp\/v2\/posts\/1\/revisions"}],"predecessor-version":[{"id":282,"href":"http:\/\/taranco.eu\/hoy-por-hoy\/wp-json\/wp\/v2\/posts\/1\/revisions\/282"}],"wp:attachment":[{"href":"http:\/\/taranco.eu\/hoy-por-hoy\/wp-json\/wp\/v2\/media?parent=1"}],"wp:term":[{"taxonomy":"category","embeddable":true,"href":"http:\/\/taranco.eu\/hoy-por-hoy\/wp-json\/wp\/v2\/categories?post=1"},{"taxonomy":"post_tag","embeddable":true,"href":"http:\/\/taranco.eu\/hoy-por-hoy\/wp-json\/wp\/v2\/tags?post=1"}],"curies":[{"name":"wp","href":"https:\/\/api.w.org\/{rel}","templated":true}]}}